{"id":3263,"date":"2026-05-28T12:38:18","date_gmt":"2026-05-28T11:38:18","guid":{"rendered":"https:\/\/muzejigalerijativat.me\/?p=3263"},"modified":"2026-09-01T13:00:06","modified_gmt":"2026-09-01T12:00:06","slug":"izlozba-fragile-tivatskog-slikara-ivice-arandjusa","status":"publish","type":"post","link":"https:\/\/muzejigalerijativat.me\/en\/izlozba-fragile-tivatskog-slikara-ivice-arandjusa\/","title":{"rendered":"Izlo\u017eba &#8222;Fragile&#8220;, tivatskog slikara Ivice Aran\u0111usa"},"content":{"rendered":"<p><img decoding=\"async\" class=\"lazyload  wp-image-3264 alignleft\" src=\"https:\/\/muzejigalerijativat.me\/wp-content\/uploads\/2026\/09\/Untitled-1-1-239x300.jpg\" data-orig-src=\"https:\/\/muzejigalerijativat.me\/wp-content\/uploads\/2026\/09\/Untitled-1-1-239x300.jpg\" alt=\"\" width=\"340\" height=\"427\" srcset=\"data:image\/svg+xml,%3Csvg%20xmlns%3D%27http%3A%2F%2Fwww.w3.org%2F2000%2Fsvg%27%20width%3D%27340%27%20height%3D%27427%27%20viewBox%3D%270%200%20340%20427%27%3E%3Crect%20width%3D%27340%27%20height%3D%27427%27%20fill-opacity%3D%220%22%2F%3E%3C%2Fsvg%3E\" data-srcset=\"https:\/\/muzejigalerijativat.me\/wp-content\/uploads\/2026\/09\/Untitled-1-1-10x12.jpg 10w, https:\/\/muzejigalerijativat.me\/wp-content\/uploads\/2026\/09\/Untitled-1-1-200x251.jpg 200w, https:\/\/muzejigalerijativat.me\/wp-content\/uploads\/2026\/09\/Untitled-1-1-239x300.jpg 239w, https:\/\/muzejigalerijativat.me\/wp-content\/uploads\/2026\/09\/Untitled-1-1-400x502.jpg 400w, https:\/\/muzejigalerijativat.me\/wp-content\/uploads\/2026\/09\/Untitled-1-1-600x753.jpg 600w, https:\/\/muzejigalerijativat.me\/wp-content\/uploads\/2026\/09\/Untitled-1-1.jpg 696w\" data-sizes=\"auto\" data-orig-sizes=\"(max-width: 340px) 100vw, 340px\" \/><br \/>\nIzlo\u017eba &#8222;Fragile&#8220;, tivatskog slikara Ivice Aran\u0111usa, bi\u0107e otvorena 1. juna 2026. godine u JU Muzej i galerija Tivat, sa po\u010detkom u 20 \u010dasova.<\/p>\n<p>Postavka radova bi\u0107e izlo\u017eena na prizemlju i prvom spratu galerijskog prostora ustanove, i mo\u0107i \u0107e se pogledati do 25. juna 2026. godine.<\/p>\n<p>Izlo\u017ebu \u0107e otvoriti teoreti\u010darka umjetnosti Nina Mili\u0107evi\u0107, a prisutnima \u0107e se obratiti i direktorica JU Muzej i galerija Tivat, Danijela \u0110uki\u0107, kao i autor izlo\u017ebe, Ivica Aran\u0111us.<\/p>\n<p>Dobro do\u0161li!<\/p>","protected":false},"excerpt":{"rendered":"<p>Izlo\u017eba &#8222;Fragile&#8220;, tivatskog slikara Ivice Aran\u0111usa, bi\u0107e otvorena 1. juna 2026. godine u JU Muzej i galerija Tivat, sa po\u010detkom u 20 \u010dasova. Postavka radova bi\u0107e izlo\u017eena na prizemlju i prvom spratu galerijskog prostora ustanove, i mo\u0107i \u0107e se pogledati do 25. juna 2026. godine. Izlo\u017ebu \u0107e otvoriti teoreti\u010darka umjetnosti Nina Mili\u0107evi\u0107, a prisutnima \u0107e se obratiti i direktorica JU Muzej i galerija Tivat, Danijela \u0110uki\u0107, kao i autor izlo\u017ebe, Ivica Aran\u0111us. Dobro do\u0161li!<\/p>","protected":false},"author":2,"featured_media":3267,"comment_status":"closed","ping_status":"closed","sticky":false,"template":"","format":"standard","meta":{"footnotes":""},"categories":[17],"tags":[],"class_list":["post-3263","post","type-post","status-publish","format-standard","has-post-thumbnail","hentry","category-izlozba"],"aioseo_notices":[],"aioseo_head":"\n\t\t<!-- All in One SEO 5.0.1.1 - aioseo.com -->\n\t<meta name=\"description\" content=\"Izlo\u017eba &quot;Fragile&quot;, tivatskog slikara Ivice Aran\u0111usa, bi\u0107e otvorena 1. juna 2026. godine u JU Muzej i galerija Tivat, sa po\u010detkom u 20 \u010dasova. Postavka radova bi\u0107e izlo\u017eena na prizemlju i prvom spratu galerijskog prostora ustanove, i mo\u0107i \u0107e se pogledati do 25. juna 2026. godine. Izlo\u017ebu \u0107e otvoriti teoreti\u010darka umjetnosti Nina Mili\u0107evi\u0107, a prisutnima \u0107e\" \/>\n\t<meta name=\"robots\" content=\"max-image-preview:large\" \/>\n\t<meta name=\"author\" content=\"muzej\"\/>\n\t<link rel=\"canonical\" href=\"https:\/\/muzejigalerijativat.me\/en\/izlozba-fragile-tivatskog-slikara-ivice-arandjusa\/\" \/>\n\t<meta name=\"generator\" content=\"All in One SEO (AIOSEO) 5.0.1.1\" \/>\n\t\t<meta property=\"og:locale\" content=\"en_US\" \/>\n\t\t<meta property=\"og:site_name\" content=\"JU Muzej i galerija Tivat |\" \/>\n\t\t<meta property=\"og:type\" content=\"article\" \/>\n\t\t<meta property=\"og:title\" content=\"Izlo\u017eba \u201eFragile\u201c, tivatskog slikara Ivice Aran\u0111usa\" \/>\n\t\t<meta property=\"og:description\" content=\"Izlo\u017eba &quot;Fragile&quot;, tivatskog slikara Ivice Aran\u0111usa, bi\u0107e otvorena 1. juna 2026. godine u JU Muzej i galerija Tivat, sa po\u010detkom u 20 \u010dasova. Postavka radova bi\u0107e izlo\u017eena na prizemlju i prvom spratu galerijskog prostora ustanove, i mo\u0107i \u0107e se pogledati do 25. juna 2026. godine. Izlo\u017ebu \u0107e otvoriti teoreti\u010darka umjetnosti Nina Mili\u0107evi\u0107, a prisutnima \u0107e\" \/>\n\t\t<meta property=\"og:url\" content=\"https:\/\/muzejigalerijativat.me\/en\/izlozba-fragile-tivatskog-slikara-ivice-arandjusa\/\" \/>\n\t\t<meta property=\"og:image\" content=\"https:\/\/muzejigalerijativat.me\/wp-content\/uploads\/2023\/07\/logo.png\" \/>\n\t\t<meta property=\"og:image:secure_url\" content=\"https:\/\/muzejigalerijativat.me\/wp-content\/uploads\/2023\/07\/logo.png\" \/>\n\t\t<meta property=\"og:image:width\" content=\"338\" \/>\n\t\t<meta property=\"og:image:height\" content=\"80\" \/>\n\t\t<meta property=\"article:published_time\" content=\"2026-05-28T11:38:18+00:00\" \/>\n\t\t<meta property=\"article:modified_time\" content=\"2026-09-01T12:00:06+00:00\" \/>\n\t\t<meta property=\"article:publisher\" content=\"https:\/\/www.facebook.com\/muzejigalerijativat\" \/>\n\t\t<meta name=\"twitter:card\" content=\"summary_large_image\" \/>\n\t\t<meta name=\"twitter:title\" content=\"Izlo\u017eba \u201eFragile\u201c, tivatskog slikara Ivice Aran\u0111usa\" \/>\n\t\t<meta name=\"twitter:description\" content=\"Izlo\u017eba &quot;Fragile&quot;, tivatskog slikara Ivice Aran\u0111usa, bi\u0107e otvorena 1. juna 2026. godine u JU Muzej i galerija Tivat, sa po\u010detkom u 20 \u010dasova. Postavka radova bi\u0107e izlo\u017eena na prizemlju i prvom spratu galerijskog prostora ustanove, i mo\u0107i \u0107e se pogledati do 25. juna 2026. godine. Izlo\u017ebu \u0107e otvoriti teoreti\u010darka umjetnosti Nina Mili\u0107evi\u0107, a prisutnima \u0107e\" \/>\n\t\t<meta name=\"twitter:image\" content=\"https:\/\/muzejigalerijativat.me\/wp-content\/uploads\/2023\/07\/logo.png\" \/>\n\t\t<script type=\"application\/ld+json\" class=\"aioseo-schema\">\n\t\t\t{\"@context\":\"https:\\\/\\\/schema.org\",\"@graph\":[{\"@type\":\"BlogPosting\",\"@id\":\"https:\\\/\\\/muzejigalerijativat.me\\\/en\\\/izlozba-fragile-tivatskog-slikara-ivice-arandjusa\\\/#blogposting\",\"name\":\"Izlo\\u017eba \\u201eFragile\\u201c, tivatskog slikara Ivice Aran\\u0111usa\",\"headline\":\"Izlo\\u017eba &#8222;Fragile&#8220;, tivatskog slikara Ivice Aran\\u0111usa\",\"author\":{\"@id\":\"https:\\\/\\\/muzejigalerijativat.me\\\/en\\\/author\\\/muzej\\\/#author\"},\"publisher\":{\"@id\":\"https:\\\/\\\/muzejigalerijativat.me\\\/en\\\/#organization\"},\"image\":{\"@type\":\"ImageObject\",\"url\":\"https:\\\/\\\/muzejigalerijativat.me\\\/wp-content\\\/uploads\\\/2026\\\/05\\\/DAS.jpg\",\"width\":696,\"height\":504},\"datePublished\":\"2026-05-28T12:38:18+01:00\",\"dateModified\":\"2026-09-01T13:00:06+01:00\",\"inLanguage\":\"en-US\",\"mainEntityOfPage\":{\"@id\":\"https:\\\/\\\/muzejigalerijativat.me\\\/en\\\/izlozba-fragile-tivatskog-slikara-ivice-arandjusa\\\/#webpage\"},\"isPartOf\":{\"@id\":\"https:\\\/\\\/muzejigalerijativat.me\\\/en\\\/izlozba-fragile-tivatskog-slikara-ivice-arandjusa\\\/#webpage\"},\"articleSection\":\"Izlo\\u017eba\"},{\"@type\":\"BreadcrumbList\",\"@id\":\"https:\\\/\\\/muzejigalerijativat.me\\\/en\\\/izlozba-fragile-tivatskog-slikara-ivice-arandjusa\\\/#breadcrumblist\",\"itemListElement\":[{\"@type\":\"ListItem\",\"@id\":\"https:\\\/\\\/muzejigalerijativat.me\\\/en#listItem\",\"position\":1,\"name\":\"Home\",\"item\":\"https:\\\/\\\/muzejigalerijativat.me\\\/en\",\"nextItem\":{\"@type\":\"ListItem\",\"@id\":\"https:\\\/\\\/muzejigalerijativat.me\\\/en\\\/category\\\/izlozba\\\/#listItem\",\"name\":\"Izlo\\u017eba\"}},{\"@type\":\"ListItem\",\"@id\":\"https:\\\/\\\/muzejigalerijativat.me\\\/en\\\/category\\\/izlozba\\\/#listItem\",\"position\":2,\"name\":\"Izlo\\u017eba\",\"item\":\"https:\\\/\\\/muzejigalerijativat.me\\\/en\\\/category\\\/izlozba\\\/\",\"nextItem\":{\"@type\":\"ListItem\",\"@id\":\"https:\\\/\\\/muzejigalerijativat.me\\\/en\\\/izlozba-fragile-tivatskog-slikara-ivice-arandjusa\\\/#listItem\",\"name\":\"Izlo\\u017eba &#8222;Fragile&#8220;, tivatskog slikara Ivice Aran\\u0111usa\"},\"previousItem\":{\"@type\":\"ListItem\",\"@id\":\"https:\\\/\\\/muzejigalerijativat.me\\\/en#listItem\",\"name\":\"Home\"}},{\"@type\":\"ListItem\",\"@id\":\"https:\\\/\\\/muzejigalerijativat.me\\\/en\\\/izlozba-fragile-tivatskog-slikara-ivice-arandjusa\\\/#listItem\",\"position\":3,\"name\":\"Izlo\\u017eba &#8222;Fragile&#8220;, tivatskog slikara Ivice Aran\\u0111usa\",\"previousItem\":{\"@type\":\"ListItem\",\"@id\":\"https:\\\/\\\/muzejigalerijativat.me\\\/en\\\/category\\\/izlozba\\\/#listItem\",\"name\":\"Izlo\\u017eba\"}}]},{\"@type\":\"Organization\",\"@id\":\"https:\\\/\\\/muzejigalerijativat.me\\\/en\\\/#organization\",\"name\":\"JU Muzej i galerija Tivat\",\"url\":\"https:\\\/\\\/muzejigalerijativat.me\\\/en\\\/\",\"telephone\":\"+38232674591\",\"logo\":{\"@type\":\"ImageObject\",\"url\":\"https:\\\/\\\/muzejigalerijativat.me\\\/wp-content\\\/uploads\\\/2023\\\/07\\\/logo.png\",\"@id\":\"https:\\\/\\\/muzejigalerijativat.me\\\/en\\\/izlozba-fragile-tivatskog-slikara-ivice-arandjusa\\\/#organizationLogo\",\"width\":338,\"height\":80},\"image\":{\"@id\":\"https:\\\/\\\/muzejigalerijativat.me\\\/en\\\/izlozba-fragile-tivatskog-slikara-ivice-arandjusa\\\/#organizationLogo\"},\"sameAs\":[\"https:\\\/\\\/www.facebook.com\\\/muzejigalerijativat\"]},{\"@type\":\"Person\",\"@id\":\"https:\\\/\\\/muzejigalerijativat.me\\\/en\\\/author\\\/muzej\\\/#author\",\"url\":\"https:\\\/\\\/muzejigalerijativat.me\\\/en\\\/author\\\/muzej\\\/\",\"name\":\"muzej\",\"image\":{\"@type\":\"ImageObject\",\"@id\":\"https:\\\/\\\/muzejigalerijativat.me\\\/en\\\/izlozba-fragile-tivatskog-slikara-ivice-arandjusa\\\/#authorImage\",\"url\":\"https:\\\/\\\/secure.gravatar.com\\\/avatar\\\/eb41022c41491526c746897336ed0d9660d0e7b4374bf3bfac1201dfe7c79f76?s=96&d=blank&r=g\",\"width\":96,\"height\":96,\"caption\":\"muzej\"}},{\"@type\":\"WebPage\",\"@id\":\"https:\\\/\\\/muzejigalerijativat.me\\\/en\\\/izlozba-fragile-tivatskog-slikara-ivice-arandjusa\\\/#webpage\",\"url\":\"https:\\\/\\\/muzejigalerijativat.me\\\/en\\\/izlozba-fragile-tivatskog-slikara-ivice-arandjusa\\\/\",\"name\":\"Izlo\\u017eba \\u201eFragile\\u201c, tivatskog slikara Ivice Aran\\u0111usa\",\"description\":\"Izlo\\u017eba \\\"Fragile\\\", tivatskog slikara Ivice Aran\\u0111usa, bi\\u0107e otvorena 1. juna 2026. godine u JU Muzej i galerija Tivat, sa po\\u010detkom u 20 \\u010dasova. Postavka radova bi\\u0107e izlo\\u017eena na prizemlju i prvom spratu galerijskog prostora ustanove, i mo\\u0107i \\u0107e se pogledati do 25. juna 2026. godine. Izlo\\u017ebu \\u0107e otvoriti teoreti\\u010darka umjetnosti Nina Mili\\u0107evi\\u0107, a prisutnima \\u0107e\",\"inLanguage\":\"en-US\",\"isPartOf\":{\"@id\":\"https:\\\/\\\/muzejigalerijativat.me\\\/en\\\/#website\"},\"breadcrumb\":{\"@id\":\"https:\\\/\\\/muzejigalerijativat.me\\\/en\\\/izlozba-fragile-tivatskog-slikara-ivice-arandjusa\\\/#breadcrumblist\"},\"author\":{\"@id\":\"https:\\\/\\\/muzejigalerijativat.me\\\/en\\\/author\\\/muzej\\\/#author\"},\"creator\":{\"@id\":\"https:\\\/\\\/muzejigalerijativat.me\\\/en\\\/author\\\/muzej\\\/#author\"},\"image\":{\"@type\":\"ImageObject\",\"url\":\"https:\\\/\\\/muzejigalerijativat.me\\\/wp-content\\\/uploads\\\/2026\\\/05\\\/DAS.jpg\",\"@id\":\"https:\\\/\\\/muzejigalerijativat.me\\\/en\\\/izlozba-fragile-tivatskog-slikara-ivice-arandjusa\\\/#mainImage\",\"width\":696,\"height\":504},\"primaryImageOfPage\":{\"@id\":\"https:\\\/\\\/muzejigalerijativat.me\\\/en\\\/izlozba-fragile-tivatskog-slikara-ivice-arandjusa\\\/#mainImage\"},\"datePublished\":\"2026-05-28T12:38:18+01:00\",\"dateModified\":\"2026-09-01T13:00:06+01:00\"},{\"@type\":\"WebSite\",\"@id\":\"https:\\\/\\\/muzejigalerijativat.me\\\/en\\\/#website\",\"url\":\"https:\\\/\\\/muzejigalerijativat.me\\\/en\\\/\",\"name\":\"JU Muzej i galerija Tivat\",\"inLanguage\":\"en-US\",\"publisher\":{\"@id\":\"https:\\\/\\\/muzejigalerijativat.me\\\/en\\\/#organization\"}}]}\n\t\t<\/script>\n\t\t<!-- All in One SEO -->\n\n","aioseo_head_json":{"title":"Izlo\u017eba \u201eFragile\u201c, tivatskog slikara Ivice Aran\u0111usa","description":"Izlo\u017eba \"Fragile\", tivatskog slikara Ivice Aran\u0111usa, bi\u0107e otvorena 1. juna 2026. godine u JU Muzej i galerija Tivat, sa po\u010detkom u 20 \u010dasova. Postavka radova bi\u0107e izlo\u017eena na prizemlju i prvom spratu galerijskog prostora ustanove, i mo\u0107i \u0107e se pogledati do 25. juna 2026. godine. Izlo\u017ebu \u0107e otvoriti teoreti\u010darka umjetnosti Nina Mili\u0107evi\u0107, a prisutnima \u0107e","canonical_url":"https:\/\/muzejigalerijativat.me\/en\/izlozba-fragile-tivatskog-slikara-ivice-arandjusa\/","robots":"max-image-preview:large","keywords":"","webmasterTools":{"miscellaneous":""},"schema":{"@context":"https:\/\/schema.org","@graph":[{"@type":"BlogPosting","@id":"https:\/\/muzejigalerijativat.me\/en\/izlozba-fragile-tivatskog-slikara-ivice-arandjusa\/#blogposting","name":"Izlo\u017eba \u201eFragile\u201c, tivatskog slikara Ivice Aran\u0111usa","headline":"Izlo\u017eba &#8222;Fragile&#8220;, tivatskog slikara Ivice Aran\u0111usa","author":{"@id":"https:\/\/muzejigalerijativat.me\/en\/author\/muzej\/#author"},"publisher":{"@id":"https:\/\/muzejigalerijativat.me\/en\/#organization"},"image":{"@type":"ImageObject","url":"https:\/\/muzejigalerijativat.me\/wp-content\/uploads\/2026\/05\/DAS.jpg","width":696,"height":504},"datePublished":"2026-05-28T12:38:18+01:00","dateModified":"2026-09-01T13:00:06+01:00","inLanguage":"en-US","mainEntityOfPage":{"@id":"https:\/\/muzejigalerijativat.me\/en\/izlozba-fragile-tivatskog-slikara-ivice-arandjusa\/#webpage"},"isPartOf":{"@id":"https:\/\/muzejigalerijativat.me\/en\/izlozba-fragile-tivatskog-slikara-ivice-arandjusa\/#webpage"},"articleSection":"Izlo\u017eba"},{"@type":"BreadcrumbList","@id":"https:\/\/muzejigalerijativat.me\/en\/izlozba-fragile-tivatskog-slikara-ivice-arandjusa\/#breadcrumblist","itemListElement":[{"@type":"ListItem","@id":"https:\/\/muzejigalerijativat.me\/en#listItem","position":1,"name":"Home","item":"https:\/\/muzejigalerijativat.me\/en","nextItem":{"@type":"ListItem","@id":"https:\/\/muzejigalerijativat.me\/en\/category\/izlozba\/#listItem","name":"Izlo\u017eba"}},{"@type":"ListItem","@id":"https:\/\/muzejigalerijativat.me\/en\/category\/izlozba\/#listItem","position":2,"name":"Izlo\u017eba","item":"https:\/\/muzejigalerijativat.me\/en\/category\/izlozba\/","nextItem":{"@type":"ListItem","@id":"https:\/\/muzejigalerijativat.me\/en\/izlozba-fragile-tivatskog-slikara-ivice-arandjusa\/#listItem","name":"Izlo\u017eba &#8222;Fragile&#8220;, tivatskog slikara Ivice Aran\u0111usa"},"previousItem":{"@type":"ListItem","@id":"https:\/\/muzejigalerijativat.me\/en#listItem","name":"Home"}},{"@type":"ListItem","@id":"https:\/\/muzejigalerijativat.me\/en\/izlozba-fragile-tivatskog-slikara-ivice-arandjusa\/#listItem","position":3,"name":"Izlo\u017eba &#8222;Fragile&#8220;, tivatskog slikara Ivice Aran\u0111usa","previousItem":{"@type":"ListItem","@id":"https:\/\/muzejigalerijativat.me\/en\/category\/izlozba\/#listItem","name":"Izlo\u017eba"}}]},{"@type":"Organization","@id":"https:\/\/muzejigalerijativat.me\/en\/#organization","name":"JU Muzej i galerija Tivat","url":"https:\/\/muzejigalerijativat.me\/en\/","telephone":"+38232674591","logo":{"@type":"ImageObject","url":"https:\/\/muzejigalerijativat.me\/wp-content\/uploads\/2023\/07\/logo.png","@id":"https:\/\/muzejigalerijativat.me\/en\/izlozba-fragile-tivatskog-slikara-ivice-arandjusa\/#organizationLogo","width":338,"height":80},"image":{"@id":"https:\/\/muzejigalerijativat.me\/en\/izlozba-fragile-tivatskog-slikara-ivice-arandjusa\/#organizationLogo"},"sameAs":["https:\/\/www.facebook.com\/muzejigalerijativat"]},{"@type":"Person","@id":"https:\/\/muzejigalerijativat.me\/en\/author\/muzej\/#author","url":"https:\/\/muzejigalerijativat.me\/en\/author\/muzej\/","name":"muzej","image":{"@type":"ImageObject","@id":"https:\/\/muzejigalerijativat.me\/en\/izlozba-fragile-tivatskog-slikara-ivice-arandjusa\/#authorImage","url":"https:\/\/secure.gravatar.com\/avatar\/eb41022c41491526c746897336ed0d9660d0e7b4374bf3bfac1201dfe7c79f76?s=96&d=blank&r=g","width":96,"height":96,"caption":"muzej"}},{"@type":"WebPage","@id":"https:\/\/muzejigalerijativat.me\/en\/izlozba-fragile-tivatskog-slikara-ivice-arandjusa\/#webpage","url":"https:\/\/muzejigalerijativat.me\/en\/izlozba-fragile-tivatskog-slikara-ivice-arandjusa\/","name":"Izlo\u017eba \u201eFragile\u201c, tivatskog slikara Ivice Aran\u0111usa","description":"Izlo\u017eba \"Fragile\", tivatskog slikara Ivice Aran\u0111usa, bi\u0107e otvorena 1. juna 2026. godine u JU Muzej i galerija Tivat, sa po\u010detkom u 20 \u010dasova. Postavka radova bi\u0107e izlo\u017eena na prizemlju i prvom spratu galerijskog prostora ustanove, i mo\u0107i \u0107e se pogledati do 25. juna 2026. godine. Izlo\u017ebu \u0107e otvoriti teoreti\u010darka umjetnosti Nina Mili\u0107evi\u0107, a prisutnima \u0107e","inLanguage":"en-US","isPartOf":{"@id":"https:\/\/muzejigalerijativat.me\/en\/#website"},"breadcrumb":{"@id":"https:\/\/muzejigalerijativat.me\/en\/izlozba-fragile-tivatskog-slikara-ivice-arandjusa\/#breadcrumblist"},"author":{"@id":"https:\/\/muzejigalerijativat.me\/en\/author\/muzej\/#author"},"creator":{"@id":"https:\/\/muzejigalerijativat.me\/en\/author\/muzej\/#author"},"image":{"@type":"ImageObject","url":"https:\/\/muzejigalerijativat.me\/wp-content\/uploads\/2026\/05\/DAS.jpg","@id":"https:\/\/muzejigalerijativat.me\/en\/izlozba-fragile-tivatskog-slikara-ivice-arandjusa\/#mainImage","width":696,"height":504},"primaryImageOfPage":{"@id":"https:\/\/muzejigalerijativat.me\/en\/izlozba-fragile-tivatskog-slikara-ivice-arandjusa\/#mainImage"},"datePublished":"2026-05-28T12:38:18+01:00","dateModified":"2026-09-01T13:00:06+01:00"},{"@type":"WebSite","@id":"https:\/\/muzejigalerijativat.me\/en\/#website","url":"https:\/\/muzejigalerijativat.me\/en\/","name":"JU Muzej i galerija Tivat","inLanguage":"en-US","publisher":{"@id":"https:\/\/muzejigalerijativat.me\/en\/#organization"}}]},"og:locale":"en_US","og:site_name":"JU Muzej i galerija Tivat |","og:type":"article","og:title":"Izlo\u017eba \u201eFragile\u201c, tivatskog slikara Ivice Aran\u0111usa","og:description":"Izlo\u017eba &quot;Fragile&quot;, tivatskog slikara Ivice Aran\u0111usa, bi\u0107e otvorena 1. juna 2026. godine u JU Muzej i galerija Tivat, sa po\u010detkom u 20 \u010dasova. Postavka radova bi\u0107e izlo\u017eena na prizemlju i prvom spratu galerijskog prostora ustanove, i mo\u0107i \u0107e se pogledati do 25. juna 2026. godine. Izlo\u017ebu \u0107e otvoriti teoreti\u010darka umjetnosti Nina Mili\u0107evi\u0107, a prisutnima \u0107e","og:url":"https:\/\/muzejigalerijativat.me\/en\/izlozba-fragile-tivatskog-slikara-ivice-arandjusa\/","og:image":"https:\/\/muzejigalerijativat.me\/wp-content\/uploads\/2023\/07\/logo.png","og:image:secure_url":"https:\/\/muzejigalerijativat.me\/wp-content\/uploads\/2023\/07\/logo.png","og:image:width":338,"og:image:height":80,"article:published_time":"2026-05-28T11:38:18+00:00","article:modified_time":"2026-09-01T12:00:06+00:00","article:publisher":"https:\/\/www.facebook.com\/muzejigalerijativat","twitter:card":"summary_large_image","twitter:title":"Izlo\u017eba \u201eFragile\u201c, tivatskog slikara Ivice Aran\u0111usa","twitter:description":"Izlo\u017eba &quot;Fragile&quot;, tivatskog slikara Ivice Aran\u0111usa, bi\u0107e otvorena 1. juna 2026. godine u JU Muzej i galerija Tivat, sa po\u010detkom u 20 \u010dasova. Postavka radova bi\u0107e izlo\u017eena na prizemlju i prvom spratu galerijskog prostora ustanove, i mo\u0107i \u0107e se pogledati do 25. juna 2026. godine. Izlo\u017ebu \u0107e otvoriti teoreti\u010darka umjetnosti Nina Mili\u0107evi\u0107, a prisutnima \u0107e","twitter:image":"https:\/\/muzejigalerijativat.me\/wp-content\/uploads\/2023\/07\/logo.png"},"aioseo_meta_data":{"post_id":"3263","title":null,"description":null,"keywords":null,"keyphrases":{"focus":{"keyphrase":"","score":0,"analysis":{"keyphraseInTitle":{"score":0,"maxScore":9,"error":1}}},"additional":[]},"primary_term":null,"canonical_url":null,"og_title":null,"og_description":null,"og_object_type":"default","og_image_type":"default","og_image_url":null,"og_image_width":null,"og_image_height":null,"og_image_custom_url":null,"og_image_custom_fields":null,"og_video":"","og_custom_url":null,"og_article_section":null,"og_article_tags":null,"twitter_use_og":false,"twitter_card":"default","twitter_image_type":"default","twitter_image_url":null,"twitter_image_custom_url":null,"twitter_image_custom_fields":null,"twitter_title":null,"twitter_description":null,"schema":{"blockGraphs":[],"customGraphs":[],"default":{"data":{"Article":[],"Course":[],"Dataset":[],"FAQPage":[],"Movie":[],"Person":[],"Product":[],"ProductReview":[],"Car":[],"Recipe":[],"Service":[],"SoftwareApplication":[],"WebPage":[]},"graphName":"BlogPosting","isEnabled":true},"graphs":[]},"schema_type":"default","schema_type_options":null,"pillar_content":false,"robots_default":true,"robots_noindex":false,"robots_noarchive":false,"robots_nosnippet":false,"robots_nofollow":false,"robots_noimageindex":false,"robots_noodp":false,"robots_notranslate":false,"robots_max_snippet":"-1","robots_max_videopreview":"-1","robots_max_imagepreview":"large","priority":null,"frequency":"default","local_seo":null,"breadcrumb_settings":null,"limit_modified_date":false,"ai":{"faqs":[],"keyPoints":[],"schemas":[],"titles":[],"descriptions":[],"socialPosts":{"email":{"subject":"","preview":"","content":""},"linkedin":[],"twitter":[],"facebook":[],"instagram":[]}},"created":"2026-09-01 11:40:29","updated":"2026-09-01 12:29:47","seo_analyzer_scan_date":null,"focus_keyword":null,"additional_keywords":null,"truseo_locale":null},"aioseo_breadcrumb":"<div class=\"aioseo-breadcrumbs\"><span class=\"aioseo-breadcrumb\">\n\t\t\t<a href=\"https:\/\/muzejigalerijativat.me\/en\" title=\"Home\">Home<\/a>\n\t\t<\/span><span class=\"aioseo-breadcrumb-separator\">&raquo;<\/span><span class=\"aioseo-breadcrumb\">\n\t\t\t<a href=\"https:\/\/muzejigalerijativat.me\/en\/category\/izlozba\/\" title=\"Izlo\u017eba\">Izlo\u017eba<\/a>\n\t\t<\/span><span class=\"aioseo-breadcrumb-separator\">&raquo;<\/span><span class=\"aioseo-breadcrumb\">\n\t\t\tIzlo\u017eba \u201eFragile\u201c, tivatskog slikara Ivice Aran\u0111usa\n\t\t<\/span><\/div>","aioseo_breadcrumb_json":[{"label":"Home","link":"https:\/\/muzejigalerijativat.me\/en"},{"label":"Izlo\u017eba","link":"https:\/\/muzejigalerijativat.me\/en\/category\/izlozba\/"},{"label":"Izlo\u017eba &#8222;Fragile&#8220;, tivatskog slikara Ivice Aran\u0111usa","link":"https:\/\/muzejigalerijativat.me\/en\/izlozba-fragile-tivatskog-slikara-ivice-arandjusa\/"}],"_links":{"self":[{"href":"https:\/\/muzejigalerijativat.me\/en\/wp-json\/wp\/v2\/posts\/3263","targetHints":{"allow":["GET"]}}],"collection":[{"href":"https:\/\/muzejigalerijativat.me\/en\/wp-json\/wp\/v2\/posts"}],"about":[{"href":"https:\/\/muzejigalerijativat.me\/en\/wp-json\/wp\/v2\/types\/post"}],"author":[{"embeddable":true,"href":"https:\/\/muzejigalerijativat.me\/en\/wp-json\/wp\/v2\/users\/2"}],"replies":[{"embeddable":true,"href":"https:\/\/muzejigalerijativat.me\/en\/wp-json\/wp\/v2\/comments?post=3263"}],"version-history":[{"count":2,"href":"https:\/\/muzejigalerijativat.me\/en\/wp-json\/wp\/v2\/posts\/3263\/revisions"}],"predecessor-version":[{"id":3266,"href":"https:\/\/muzejigalerijativat.me\/en\/wp-json\/wp\/v2\/posts\/3263\/revisions\/3266"}],"wp:featuredmedia":[{"embeddable":true,"href":"https:\/\/muzejigalerijativat.me\/en\/wp-json\/wp\/v2\/media\/3267"}],"wp:attachment":[{"href":"https:\/\/muzejigalerijativat.me\/en\/wp-json\/wp\/v2\/media?parent=3263"}],"wp:term":[{"taxonomy":"category","embeddable":true,"href":"https:\/\/muzejigalerijativat.me\/en\/wp-json\/wp\/v2\/categories?post=3263"},{"taxonomy":"post_tag","embeddable":true,"href":"https:\/\/muzejigalerijativat.me\/en\/wp-json\/wp\/v2\/tags?post=3263"}],"curies":[{"name":"wp","href":"https:\/\/api.w.org\/{rel}","templated":true}]}}