{"id":3268,"date":"2026-06-03T13:00:12","date_gmt":"2026-06-03T12:00:12","guid":{"rendered":"https:\/\/muzejigalerijativat.me\/?p=3268"},"modified":"2026-09-01T13:05:22","modified_gmt":"2026-09-01T12:05:22","slug":"otvorena-izlozba-fragile-ivice-arandjusa-u-ju-muzej-i-galerija-tivat","status":"publish","type":"post","link":"https:\/\/muzejigalerijativat.me\/en\/otvorena-izlozba-fragile-ivice-arandjusa-u-ju-muzej-i-galerija-tivat\/","title":{"rendered":"Otvorena izlo\u017eba \u201eFragile\u201c Ivice Aran\u0111usa u JU Muzej i galerija Tivat"},"content":{"rendered":"<p>Otvorena izlo\u017eba \u201eFragile\u201c Ivice Aran\u0111usa u JU Muzej i galerija Tivat<\/p>\n<p>Na dva sprata JU Muzej i galerija Tivat otvorena je izlo\u017eba \u201eFragile\u201c akademskog slikara Ivice Aran\u0111usa.<\/p>\n<p>Govore\u0107i o izlo\u017ebi, direktorica ustanove Danijela \u0110uki\u0107 istakla je da naslov Fragile nosi sna\u017enu simboliku ranjivosti, prolaznosti i osjetljivosti, ali i snage koja se \u010desto krije upravo u onome \u0161to djeluje nje\u017eno i lomljivo.<\/p>\n<p>O umjetniku je govorila teoreti\u010darka umjetnosti Nina Mili\u0107evi\u0107, nagla\u0161iv\u0161i da je Ivica Aran\u0111us stvaralac bogatog iskustva kojeg su evropsko obrazovanje i balkanski korijeni oblikovali u svestranu li\u010dnost, sa izra\u017eenim interesovanjem za istoriju, filozofiju, religiju, politiku i humanizam.<\/p>\n<p>Izlo\u017ebu je zvani\u010dno otvorio autor, Ivica Aran\u0111us.<\/p>\n<p>JU Muzej i galerija Tivat<br \/>\n\ud83d\uddbc\ufe0f Izlo\u017eba \u201eFragile\u201c<\/p>\n\n\t\t<style>\n\t\t\t#gallery-1 {\n\t\t\t\tmargin: auto;\n\t\t\t}\n\t\t\t#gallery-1 .gallery-item {\n\t\t\t\tfloat: left;\n\t\t\t\tmargin-top: 10px;\n\t\t\t\ttext-align: center;\n\t\t\t\twidth: 25%;\n\t\t\t}\n\t\t\t#gallery-1 img {\n\t\t\t\tborder: 2px solid #cfcfcf;\n\t\t\t}\n\t\t\t#gallery-1 .gallery-caption {\n\t\t\t\tmargin-left: 0;\n\t\t\t}\n\t\t\t\/* see gallery_shortcode() in wp-includes\/media.php *\/\n\t\t<\/style>\n\t\t<div id='gallery-1' class='gallery galleryid-3268 gallery-columns-4 gallery-size-full'><dl class='gallery-item'>\n\t\t\t<dt class='gallery-icon landscape'>\n\t\t\t\t<a data-rel=\"iLightbox[postimages]\" data-title=\"Untitled-2\" data-caption=\"\" href='https:\/\/muzejigalerijativat.me\/wp-content\/uploads\/2026\/09\/Untitled-2.jpg'><img decoding=\"async\" width=\"882\" height=\"870\" src=\"https:\/\/muzejigalerijativat.me\/wp-content\/uploads\/2026\/09\/Untitled-2.jpg\" class=\"attachment-full size-full lazyload\" alt=\"\" srcset=\"data:image\/svg+xml,%3Csvg%20xmlns%3D%27http%3A%2F%2Fwww.w3.org%2F2000%2Fsvg%27%20width%3D%27882%27%20height%3D%27870%27%20viewBox%3D%270%200%20882%20870%27%3E%3Crect%20width%3D%27882%27%20height%3D%27870%27%20fill-opacity%3D%220%22%2F%3E%3C%2Fsvg%3E\" data-orig-src=\"https:\/\/muzejigalerijativat.me\/wp-content\/uploads\/2026\/09\/Untitled-2.jpg\" data-srcset=\"https:\/\/muzejigalerijativat.me\/wp-content\/uploads\/2026\/09\/Untitled-2-12x12.jpg 12w, https:\/\/muzejigalerijativat.me\/wp-content\/uploads\/2026\/09\/Untitled-2-66x66.jpg 66w, https:\/\/muzejigalerijativat.me\/wp-content\/uploads\/2026\/09\/Untitled-2-200x197.jpg 200w, https:\/\/muzejigalerijativat.me\/wp-content\/uploads\/2026\/09\/Untitled-2-300x296.jpg 300w, https:\/\/muzejigalerijativat.me\/wp-content\/uploads\/2026\/09\/Untitled-2-400x395.jpg 400w, https:\/\/muzejigalerijativat.me\/wp-content\/uploads\/2026\/09\/Untitled-2-600x592.jpg 600w, https:\/\/muzejigalerijativat.me\/wp-content\/uploads\/2026\/09\/Untitled-2-768x758.jpg 768w, https:\/\/muzejigalerijativat.me\/wp-content\/uploads\/2026\/09\/Untitled-2-800x789.jpg 800w, https:\/\/muzejigalerijativat.me\/wp-content\/uploads\/2026\/09\/Untitled-2.jpg 882w\" data-sizes=\"auto\" \/><\/a>\n\t\t\t<\/dt><\/dl><dl class='gallery-item'>\n\t\t\t<dt class='gallery-icon landscape'>\n\t\t\t\t<a data-rel=\"iLightbox[postimages]\" data-title=\"Untitled-3\" data-caption=\"\" href='https:\/\/muzejigalerijativat.me\/wp-content\/uploads\/2026\/09\/Untitled-3.jpg'><img decoding=\"async\" width=\"870\" height=\"870\" src=\"https:\/\/muzejigalerijativat.me\/wp-content\/uploads\/2026\/09\/Untitled-3.jpg\" class=\"attachment-full size-full lazyload\" alt=\"\" srcset=\"data:image\/svg+xml,%3Csvg%20xmlns%3D%27http%3A%2F%2Fwww.w3.org%2F2000%2Fsvg%27%20width%3D%27870%27%20height%3D%27870%27%20viewBox%3D%270%200%20870%20870%27%3E%3Crect%20width%3D%27870%27%20height%3D%27870%27%20fill-opacity%3D%220%22%2F%3E%3C%2Fsvg%3E\" data-orig-src=\"https:\/\/muzejigalerijativat.me\/wp-content\/uploads\/2026\/09\/Untitled-3.jpg\" data-srcset=\"https:\/\/muzejigalerijativat.me\/wp-content\/uploads\/2026\/09\/Untitled-3-12x12.jpg 12w, https:\/\/muzejigalerijativat.me\/wp-content\/uploads\/2026\/09\/Untitled-3-66x66.jpg 66w, https:\/\/muzejigalerijativat.me\/wp-content\/uploads\/2026\/09\/Untitled-3-150x150.jpg 150w, https:\/\/muzejigalerijativat.me\/wp-content\/uploads\/2026\/09\/Untitled-3-200x200.jpg 200w, https:\/\/muzejigalerijativat.me\/wp-content\/uploads\/2026\/09\/Untitled-3-300x300.jpg 300w, https:\/\/muzejigalerijativat.me\/wp-content\/uploads\/2026\/09\/Untitled-3-400x400.jpg 400w, https:\/\/muzejigalerijativat.me\/wp-content\/uploads\/2026\/09\/Untitled-3-600x600.jpg 600w, https:\/\/muzejigalerijativat.me\/wp-content\/uploads\/2026\/09\/Untitled-3-768x768.jpg 768w, https:\/\/muzejigalerijativat.me\/wp-content\/uploads\/2026\/09\/Untitled-3-800x800.jpg 800w, https:\/\/muzejigalerijativat.me\/wp-content\/uploads\/2026\/09\/Untitled-3.jpg 870w\" data-sizes=\"auto\" \/><\/a>\n\t\t\t<\/dt><\/dl><dl class='gallery-item'>\n\t\t\t<dt class='gallery-icon landscape'>\n\t\t\t\t<a data-rel=\"iLightbox[postimages]\" data-title=\"Untitled-4\" data-caption=\"\" href='https:\/\/muzejigalerijativat.me\/wp-content\/uploads\/2026\/09\/Untitled-4.jpg'><img decoding=\"async\" width=\"873\" height=\"870\" src=\"https:\/\/muzejigalerijativat.me\/wp-content\/uploads\/2026\/09\/Untitled-4.jpg\" class=\"attachment-full size-full lazyload\" alt=\"\" srcset=\"data:image\/svg+xml,%3Csvg%20xmlns%3D%27http%3A%2F%2Fwww.w3.org%2F2000%2Fsvg%27%20width%3D%27873%27%20height%3D%27870%27%20viewBox%3D%270%200%20873%20870%27%3E%3Crect%20width%3D%27873%27%20height%3D%27870%27%20fill-opacity%3D%220%22%2F%3E%3C%2Fsvg%3E\" data-orig-src=\"https:\/\/muzejigalerijativat.me\/wp-content\/uploads\/2026\/09\/Untitled-4.jpg\" data-srcset=\"https:\/\/muzejigalerijativat.me\/wp-content\/uploads\/2026\/09\/Untitled-4-12x12.jpg 12w, https:\/\/muzejigalerijativat.me\/wp-content\/uploads\/2026\/09\/Untitled-4-66x66.jpg 66w, https:\/\/muzejigalerijativat.me\/wp-content\/uploads\/2026\/09\/Untitled-4-150x150.jpg 150w, https:\/\/muzejigalerijativat.me\/wp-content\/uploads\/2026\/09\/Untitled-4-200x199.jpg 200w, https:\/\/muzejigalerijativat.me\/wp-content\/uploads\/2026\/09\/Untitled-4-300x300.jpg 300w, https:\/\/muzejigalerijativat.me\/wp-content\/uploads\/2026\/09\/Untitled-4-400x399.jpg 400w, https:\/\/muzejigalerijativat.me\/wp-content\/uploads\/2026\/09\/Untitled-4-600x598.jpg 600w, https:\/\/muzejigalerijativat.me\/wp-content\/uploads\/2026\/09\/Untitled-4-768x765.jpg 768w, https:\/\/muzejigalerijativat.me\/wp-content\/uploads\/2026\/09\/Untitled-4-800x797.jpg 800w, https:\/\/muzejigalerijativat.me\/wp-content\/uploads\/2026\/09\/Untitled-4.jpg 873w\" data-sizes=\"auto\" \/><\/a>\n\t\t\t<\/dt><\/dl><dl class='gallery-item'>\n\t\t\t<dt class='gallery-icon portrait'>\n\t\t\t\t<a data-rel=\"iLightbox[postimages]\" data-title=\"Untitled-5\" data-caption=\"\" href='https:\/\/muzejigalerijativat.me\/wp-content\/uploads\/2026\/09\/Untitled-5.jpg'><img decoding=\"async\" width=\"873\" height=\"876\" src=\"https:\/\/muzejigalerijativat.me\/wp-content\/uploads\/2026\/09\/Untitled-5.jpg\" class=\"attachment-full size-full lazyload\" alt=\"\" srcset=\"data:image\/svg+xml,%3Csvg%20xmlns%3D%27http%3A%2F%2Fwww.w3.org%2F2000%2Fsvg%27%20width%3D%27873%27%20height%3D%27876%27%20viewBox%3D%270%200%20873%20876%27%3E%3Crect%20width%3D%27873%27%20height%3D%27876%27%20fill-opacity%3D%220%22%2F%3E%3C%2Fsvg%3E\" data-orig-src=\"https:\/\/muzejigalerijativat.me\/wp-content\/uploads\/2026\/09\/Untitled-5.jpg\" data-srcset=\"https:\/\/muzejigalerijativat.me\/wp-content\/uploads\/2026\/09\/Untitled-5-12x12.jpg 12w, https:\/\/muzejigalerijativat.me\/wp-content\/uploads\/2026\/09\/Untitled-5-66x66.jpg 66w, https:\/\/muzejigalerijativat.me\/wp-content\/uploads\/2026\/09\/Untitled-5-150x150.jpg 150w, https:\/\/muzejigalerijativat.me\/wp-content\/uploads\/2026\/09\/Untitled-5-200x201.jpg 200w, https:\/\/muzejigalerijativat.me\/wp-content\/uploads\/2026\/09\/Untitled-5-300x300.jpg 300w, https:\/\/muzejigalerijativat.me\/wp-content\/uploads\/2026\/09\/Untitled-5-400x401.jpg 400w, https:\/\/muzejigalerijativat.me\/wp-content\/uploads\/2026\/09\/Untitled-5-600x602.jpg 600w, https:\/\/muzejigalerijativat.me\/wp-content\/uploads\/2026\/09\/Untitled-5-768x771.jpg 768w, https:\/\/muzejigalerijativat.me\/wp-content\/uploads\/2026\/09\/Untitled-5-800x803.jpg 800w, https:\/\/muzejigalerijativat.me\/wp-content\/uploads\/2026\/09\/Untitled-5.jpg 873w\" data-sizes=\"auto\" \/><\/a>\n\t\t\t<\/dt><\/dl><br style=\"clear: both\" \/>\n\t\t<\/div>\n\n","protected":false},"excerpt":{"rendered":"<p>Otvorena izlo\u017eba \u201eFragile\u201c Ivice Aran\u0111usa u JU Muzej i galerija Tivat Na dva sprata JU Muzej i galerija Tivat otvorena je izlo\u017eba \u201eFragile\u201c akademskog slikara Ivice Aran\u0111usa. Govore\u0107i o izlo\u017ebi, direktorica ustanove Danijela \u0110uki\u0107 istakla je da naslov Fragile nosi sna\u017enu simboliku ranjivosti, prolaznosti i osjetljivosti, ali i snage koja se \u010desto krije upravo u onome \u0161to djeluje nje\u017eno i lomljivo. O umjetniku je govorila teoreti\u010darka umjetnosti Nina Mili\u0107evi\u0107, nagla\u0161iv\u0161i da je Ivica Aran\u0111us stvaralac bogatog iskustva kojeg su evropsko obrazovanje i balkanski korijeni oblikovali u svestranu li\u010dnost, sa izra\u017eenim interesovanjem za istoriju, filozofiju, religiju, politiku i humanizam. Izlo\u017ebu je zvani\u010dno [&hellip;]<\/p>\n","protected":false},"author":2,"featured_media":3273,"comment_status":"closed","ping_status":"closed","sticky":false,"template":"","format":"gallery","meta":{"footnotes":""},"categories":[1],"tags":[],"class_list":["post-3268","post","type-post","status-publish","format-gallery","has-post-thumbnail","hentry","category-muzej","post_format-post-format-gallery"],"aioseo_notices":[],"aioseo_head":"\n\t\t<!-- All in One SEO 5.0.1.1 - aioseo.com -->\n\t<meta name=\"description\" content=\"Otvorena izlo\u017eba \u201eFragile\u201c Ivice Aran\u0111usa u JU Muzej i galerija Tivat Na dva sprata JU Muzej i galerija Tivat otvorena je izlo\u017eba \u201eFragile\u201c akademskog slikara Ivice Aran\u0111usa. Govore\u0107i o izlo\u017ebi, direktorica ustanove Danijela \u0110uki\u0107 istakla je da naslov Fragile nosi sna\u017enu simboliku ranjivosti, prolaznosti i osjetljivosti, ali i snage koja se \u010desto krije upravo u\" \/>\n\t<meta name=\"robots\" content=\"max-image-preview:large\" \/>\n\t<meta name=\"author\" content=\"muzej\"\/>\n\t<link rel=\"canonical\" href=\"https:\/\/muzejigalerijativat.me\/en\/otvorena-izlozba-fragile-ivice-arandjusa-u-ju-muzej-i-galerija-tivat\/\" \/>\n\t<meta name=\"generator\" content=\"All in One SEO (AIOSEO) 5.0.1.1\" \/>\n\t\t<meta property=\"og:locale\" content=\"en_US\" \/>\n\t\t<meta property=\"og:site_name\" content=\"JU Muzej i galerija Tivat |\" \/>\n\t\t<meta property=\"og:type\" content=\"article\" \/>\n\t\t<meta property=\"og:title\" content=\"Otvorena izlo\u017eba \u201eFragile\u201c Ivice Aran\u0111usa u JU Muzej i galerija Tivat\" \/>\n\t\t<meta property=\"og:description\" content=\"Otvorena izlo\u017eba \u201eFragile\u201c Ivice Aran\u0111usa u JU Muzej i galerija Tivat Na dva sprata JU Muzej i galerija Tivat otvorena je izlo\u017eba \u201eFragile\u201c akademskog slikara Ivice Aran\u0111usa. Govore\u0107i o izlo\u017ebi, direktorica ustanove Danijela \u0110uki\u0107 istakla je da naslov Fragile nosi sna\u017enu simboliku ranjivosti, prolaznosti i osjetljivosti, ali i snage koja se \u010desto krije upravo u\" \/>\n\t\t<meta property=\"og:url\" content=\"https:\/\/muzejigalerijativat.me\/en\/otvorena-izlozba-fragile-ivice-arandjusa-u-ju-muzej-i-galerija-tivat\/\" \/>\n\t\t<meta property=\"og:image\" content=\"https:\/\/muzejigalerijativat.me\/wp-content\/uploads\/2023\/07\/logo.png\" \/>\n\t\t<meta property=\"og:image:secure_url\" content=\"https:\/\/muzejigalerijativat.me\/wp-content\/uploads\/2023\/07\/logo.png\" \/>\n\t\t<meta property=\"og:image:width\" content=\"338\" \/>\n\t\t<meta property=\"og:image:height\" content=\"80\" \/>\n\t\t<meta property=\"article:published_time\" content=\"2026-06-03T12:00:12+00:00\" \/>\n\t\t<meta property=\"article:modified_time\" content=\"2026-09-01T12:05:22+00:00\" \/>\n\t\t<meta property=\"article:publisher\" content=\"https:\/\/www.facebook.com\/muzejigalerijativat\" \/>\n\t\t<meta name=\"twitter:card\" content=\"summary_large_image\" \/>\n\t\t<meta name=\"twitter:title\" content=\"Otvorena izlo\u017eba \u201eFragile\u201c Ivice Aran\u0111usa u JU Muzej i galerija Tivat\" \/>\n\t\t<meta name=\"twitter:description\" content=\"Otvorena izlo\u017eba \u201eFragile\u201c Ivice Aran\u0111usa u JU Muzej i galerija Tivat Na dva sprata JU Muzej i galerija Tivat otvorena je izlo\u017eba \u201eFragile\u201c akademskog slikara Ivice Aran\u0111usa. Govore\u0107i o izlo\u017ebi, direktorica ustanove Danijela \u0110uki\u0107 istakla je da naslov Fragile nosi sna\u017enu simboliku ranjivosti, prolaznosti i osjetljivosti, ali i snage koja se \u010desto krije upravo u\" \/>\n\t\t<meta name=\"twitter:image\" content=\"https:\/\/muzejigalerijativat.me\/wp-content\/uploads\/2023\/07\/logo.png\" \/>\n\t\t<script type=\"application\/ld+json\" class=\"aioseo-schema\">\n\t\t\t{\"@context\":\"https:\\\/\\\/schema.org\",\"@graph\":[{\"@type\":\"BlogPosting\",\"@id\":\"https:\\\/\\\/muzejigalerijativat.me\\\/en\\\/otvorena-izlozba-fragile-ivice-arandjusa-u-ju-muzej-i-galerija-tivat\\\/#blogposting\",\"name\":\"Otvorena izlo\\u017eba \\u201eFragile\\u201c Ivice Aran\\u0111usa u JU Muzej i galerija Tivat\",\"headline\":\"Otvorena izlo\\u017eba \\u201eFragile\\u201c Ivice Aran\\u0111usa u JU Muzej i galerija Tivat\",\"author\":{\"@id\":\"https:\\\/\\\/muzejigalerijativat.me\\\/en\\\/author\\\/muzej\\\/#author\"},\"publisher\":{\"@id\":\"https:\\\/\\\/muzejigalerijativat.me\\\/en\\\/#organization\"},\"image\":{\"@type\":\"ImageObject\",\"url\":\"https:\\\/\\\/muzejigalerijativat.me\\\/wp-content\\\/uploads\\\/2026\\\/09\\\/rer.jpg\",\"width\":882,\"height\":489},\"datePublished\":\"2026-06-03T13:00:12+01:00\",\"dateModified\":\"2026-09-01T13:05:22+01:00\",\"inLanguage\":\"en-US\",\"mainEntityOfPage\":{\"@id\":\"https:\\\/\\\/muzejigalerijativat.me\\\/en\\\/otvorena-izlozba-fragile-ivice-arandjusa-u-ju-muzej-i-galerija-tivat\\\/#webpage\"},\"isPartOf\":{\"@id\":\"https:\\\/\\\/muzejigalerijativat.me\\\/en\\\/otvorena-izlozba-fragile-ivice-arandjusa-u-ju-muzej-i-galerija-tivat\\\/#webpage\"},\"articleSection\":\"Muzej, Gallery\"},{\"@type\":\"BreadcrumbList\",\"@id\":\"https:\\\/\\\/muzejigalerijativat.me\\\/en\\\/otvorena-izlozba-fragile-ivice-arandjusa-u-ju-muzej-i-galerija-tivat\\\/#breadcrumblist\",\"itemListElement\":[{\"@type\":\"ListItem\",\"@id\":\"https:\\\/\\\/muzejigalerijativat.me\\\/en#listItem\",\"position\":1,\"name\":\"Home\",\"item\":\"https:\\\/\\\/muzejigalerijativat.me\\\/en\",\"nextItem\":{\"@type\":\"ListItem\",\"@id\":\"https:\\\/\\\/muzejigalerijativat.me\\\/en\\\/category\\\/muzej\\\/#listItem\",\"name\":\"Muzej\"}},{\"@type\":\"ListItem\",\"@id\":\"https:\\\/\\\/muzejigalerijativat.me\\\/en\\\/category\\\/muzej\\\/#listItem\",\"position\":2,\"name\":\"Muzej\",\"item\":\"https:\\\/\\\/muzejigalerijativat.me\\\/en\\\/category\\\/muzej\\\/\",\"nextItem\":{\"@type\":\"ListItem\",\"@id\":\"https:\\\/\\\/muzejigalerijativat.me\\\/en\\\/otvorena-izlozba-fragile-ivice-arandjusa-u-ju-muzej-i-galerija-tivat\\\/#listItem\",\"name\":\"Otvorena izlo\\u017eba \\u201eFragile\\u201c Ivice Aran\\u0111usa u JU Muzej i galerija Tivat\"},\"previousItem\":{\"@type\":\"ListItem\",\"@id\":\"https:\\\/\\\/muzejigalerijativat.me\\\/en#listItem\",\"name\":\"Home\"}},{\"@type\":\"ListItem\",\"@id\":\"https:\\\/\\\/muzejigalerijativat.me\\\/en\\\/otvorena-izlozba-fragile-ivice-arandjusa-u-ju-muzej-i-galerija-tivat\\\/#listItem\",\"position\":3,\"name\":\"Otvorena izlo\\u017eba \\u201eFragile\\u201c Ivice Aran\\u0111usa u JU Muzej i galerija Tivat\",\"previousItem\":{\"@type\":\"ListItem\",\"@id\":\"https:\\\/\\\/muzejigalerijativat.me\\\/en\\\/category\\\/muzej\\\/#listItem\",\"name\":\"Muzej\"}}]},{\"@type\":\"Organization\",\"@id\":\"https:\\\/\\\/muzejigalerijativat.me\\\/en\\\/#organization\",\"name\":\"JU Muzej i galerija Tivat\",\"url\":\"https:\\\/\\\/muzejigalerijativat.me\\\/en\\\/\",\"telephone\":\"+38232674591\",\"logo\":{\"@type\":\"ImageObject\",\"url\":\"https:\\\/\\\/muzejigalerijativat.me\\\/wp-content\\\/uploads\\\/2023\\\/07\\\/logo.png\",\"@id\":\"https:\\\/\\\/muzejigalerijativat.me\\\/en\\\/otvorena-izlozba-fragile-ivice-arandjusa-u-ju-muzej-i-galerija-tivat\\\/#organizationLogo\",\"width\":338,\"height\":80},\"image\":{\"@id\":\"https:\\\/\\\/muzejigalerijativat.me\\\/en\\\/otvorena-izlozba-fragile-ivice-arandjusa-u-ju-muzej-i-galerija-tivat\\\/#organizationLogo\"},\"sameAs\":[\"https:\\\/\\\/www.facebook.com\\\/muzejigalerijativat\"]},{\"@type\":\"Person\",\"@id\":\"https:\\\/\\\/muzejigalerijativat.me\\\/en\\\/author\\\/muzej\\\/#author\",\"url\":\"https:\\\/\\\/muzejigalerijativat.me\\\/en\\\/author\\\/muzej\\\/\",\"name\":\"muzej\",\"image\":{\"@type\":\"ImageObject\",\"@id\":\"https:\\\/\\\/muzejigalerijativat.me\\\/en\\\/otvorena-izlozba-fragile-ivice-arandjusa-u-ju-muzej-i-galerija-tivat\\\/#authorImage\",\"url\":\"https:\\\/\\\/secure.gravatar.com\\\/avatar\\\/eb41022c41491526c746897336ed0d9660d0e7b4374bf3bfac1201dfe7c79f76?s=96&d=blank&r=g\",\"width\":96,\"height\":96,\"caption\":\"muzej\"}},{\"@type\":\"WebPage\",\"@id\":\"https:\\\/\\\/muzejigalerijativat.me\\\/en\\\/otvorena-izlozba-fragile-ivice-arandjusa-u-ju-muzej-i-galerija-tivat\\\/#webpage\",\"url\":\"https:\\\/\\\/muzejigalerijativat.me\\\/en\\\/otvorena-izlozba-fragile-ivice-arandjusa-u-ju-muzej-i-galerija-tivat\\\/\",\"name\":\"Otvorena izlo\\u017eba \\u201eFragile\\u201c Ivice Aran\\u0111usa u JU Muzej i galerija Tivat\",\"description\":\"Otvorena izlo\\u017eba \\u201eFragile\\u201c Ivice Aran\\u0111usa u JU Muzej i galerija Tivat Na dva sprata JU Muzej i galerija Tivat otvorena je izlo\\u017eba \\u201eFragile\\u201c akademskog slikara Ivice Aran\\u0111usa. Govore\\u0107i o izlo\\u017ebi, direktorica ustanove Danijela \\u0110uki\\u0107 istakla je da naslov Fragile nosi sna\\u017enu simboliku ranjivosti, prolaznosti i osjetljivosti, ali i snage koja se \\u010desto krije upravo u\",\"inLanguage\":\"en-US\",\"isPartOf\":{\"@id\":\"https:\\\/\\\/muzejigalerijativat.me\\\/en\\\/#website\"},\"breadcrumb\":{\"@id\":\"https:\\\/\\\/muzejigalerijativat.me\\\/en\\\/otvorena-izlozba-fragile-ivice-arandjusa-u-ju-muzej-i-galerija-tivat\\\/#breadcrumblist\"},\"author\":{\"@id\":\"https:\\\/\\\/muzejigalerijativat.me\\\/en\\\/author\\\/muzej\\\/#author\"},\"creator\":{\"@id\":\"https:\\\/\\\/muzejigalerijativat.me\\\/en\\\/author\\\/muzej\\\/#author\"},\"image\":{\"@type\":\"ImageObject\",\"url\":\"https:\\\/\\\/muzejigalerijativat.me\\\/wp-content\\\/uploads\\\/2026\\\/09\\\/rer.jpg\",\"@id\":\"https:\\\/\\\/muzejigalerijativat.me\\\/en\\\/otvorena-izlozba-fragile-ivice-arandjusa-u-ju-muzej-i-galerija-tivat\\\/#mainImage\",\"width\":882,\"height\":489},\"primaryImageOfPage\":{\"@id\":\"https:\\\/\\\/muzejigalerijativat.me\\\/en\\\/otvorena-izlozba-fragile-ivice-arandjusa-u-ju-muzej-i-galerija-tivat\\\/#mainImage\"},\"datePublished\":\"2026-06-03T13:00:12+01:00\",\"dateModified\":\"2026-09-01T13:05:22+01:00\"},{\"@type\":\"WebSite\",\"@id\":\"https:\\\/\\\/muzejigalerijativat.me\\\/en\\\/#website\",\"url\":\"https:\\\/\\\/muzejigalerijativat.me\\\/en\\\/\",\"name\":\"JU Muzej i galerija Tivat\",\"inLanguage\":\"en-US\",\"publisher\":{\"@id\":\"https:\\\/\\\/muzejigalerijativat.me\\\/en\\\/#organization\"}}]}\n\t\t<\/script>\n\t\t<!-- All in One SEO -->\n\n","aioseo_head_json":{"title":"Otvorena izlo\u017eba \u201eFragile\u201c Ivice Aran\u0111usa u JU Muzej i galerija Tivat","description":"Otvorena izlo\u017eba \u201eFragile\u201c Ivice Aran\u0111usa u JU Muzej i galerija Tivat Na dva sprata JU Muzej i galerija Tivat otvorena je izlo\u017eba \u201eFragile\u201c akademskog slikara Ivice Aran\u0111usa. Govore\u0107i o izlo\u017ebi, direktorica ustanove Danijela \u0110uki\u0107 istakla je da naslov Fragile nosi sna\u017enu simboliku ranjivosti, prolaznosti i osjetljivosti, ali i snage koja se \u010desto krije upravo u","canonical_url":"https:\/\/muzejigalerijativat.me\/en\/otvorena-izlozba-fragile-ivice-arandjusa-u-ju-muzej-i-galerija-tivat\/","robots":"max-image-preview:large","keywords":"","webmasterTools":{"miscellaneous":""},"schema":{"@context":"https:\/\/schema.org","@graph":[{"@type":"BlogPosting","@id":"https:\/\/muzejigalerijativat.me\/en\/otvorena-izlozba-fragile-ivice-arandjusa-u-ju-muzej-i-galerija-tivat\/#blogposting","name":"Otvorena izlo\u017eba \u201eFragile\u201c Ivice Aran\u0111usa u JU Muzej i galerija Tivat","headline":"Otvorena izlo\u017eba \u201eFragile\u201c Ivice Aran\u0111usa u JU Muzej i galerija Tivat","author":{"@id":"https:\/\/muzejigalerijativat.me\/en\/author\/muzej\/#author"},"publisher":{"@id":"https:\/\/muzejigalerijativat.me\/en\/#organization"},"image":{"@type":"ImageObject","url":"https:\/\/muzejigalerijativat.me\/wp-content\/uploads\/2026\/09\/rer.jpg","width":882,"height":489},"datePublished":"2026-06-03T13:00:12+01:00","dateModified":"2026-09-01T13:05:22+01:00","inLanguage":"en-US","mainEntityOfPage":{"@id":"https:\/\/muzejigalerijativat.me\/en\/otvorena-izlozba-fragile-ivice-arandjusa-u-ju-muzej-i-galerija-tivat\/#webpage"},"isPartOf":{"@id":"https:\/\/muzejigalerijativat.me\/en\/otvorena-izlozba-fragile-ivice-arandjusa-u-ju-muzej-i-galerija-tivat\/#webpage"},"articleSection":"Muzej, Gallery"},{"@type":"BreadcrumbList","@id":"https:\/\/muzejigalerijativat.me\/en\/otvorena-izlozba-fragile-ivice-arandjusa-u-ju-muzej-i-galerija-tivat\/#breadcrumblist","itemListElement":[{"@type":"ListItem","@id":"https:\/\/muzejigalerijativat.me\/en#listItem","position":1,"name":"Home","item":"https:\/\/muzejigalerijativat.me\/en","nextItem":{"@type":"ListItem","@id":"https:\/\/muzejigalerijativat.me\/en\/category\/muzej\/#listItem","name":"Muzej"}},{"@type":"ListItem","@id":"https:\/\/muzejigalerijativat.me\/en\/category\/muzej\/#listItem","position":2,"name":"Muzej","item":"https:\/\/muzejigalerijativat.me\/en\/category\/muzej\/","nextItem":{"@type":"ListItem","@id":"https:\/\/muzejigalerijativat.me\/en\/otvorena-izlozba-fragile-ivice-arandjusa-u-ju-muzej-i-galerija-tivat\/#listItem","name":"Otvorena izlo\u017eba \u201eFragile\u201c Ivice Aran\u0111usa u JU Muzej i galerija Tivat"},"previousItem":{"@type":"ListItem","@id":"https:\/\/muzejigalerijativat.me\/en#listItem","name":"Home"}},{"@type":"ListItem","@id":"https:\/\/muzejigalerijativat.me\/en\/otvorena-izlozba-fragile-ivice-arandjusa-u-ju-muzej-i-galerija-tivat\/#listItem","position":3,"name":"Otvorena izlo\u017eba \u201eFragile\u201c Ivice Aran\u0111usa u JU Muzej i galerija Tivat","previousItem":{"@type":"ListItem","@id":"https:\/\/muzejigalerijativat.me\/en\/category\/muzej\/#listItem","name":"Muzej"}}]},{"@type":"Organization","@id":"https:\/\/muzejigalerijativat.me\/en\/#organization","name":"JU Muzej i galerija Tivat","url":"https:\/\/muzejigalerijativat.me\/en\/","telephone":"+38232674591","logo":{"@type":"ImageObject","url":"https:\/\/muzejigalerijativat.me\/wp-content\/uploads\/2023\/07\/logo.png","@id":"https:\/\/muzejigalerijativat.me\/en\/otvorena-izlozba-fragile-ivice-arandjusa-u-ju-muzej-i-galerija-tivat\/#organizationLogo","width":338,"height":80},"image":{"@id":"https:\/\/muzejigalerijativat.me\/en\/otvorena-izlozba-fragile-ivice-arandjusa-u-ju-muzej-i-galerija-tivat\/#organizationLogo"},"sameAs":["https:\/\/www.facebook.com\/muzejigalerijativat"]},{"@type":"Person","@id":"https:\/\/muzejigalerijativat.me\/en\/author\/muzej\/#author","url":"https:\/\/muzejigalerijativat.me\/en\/author\/muzej\/","name":"muzej","image":{"@type":"ImageObject","@id":"https:\/\/muzejigalerijativat.me\/en\/otvorena-izlozba-fragile-ivice-arandjusa-u-ju-muzej-i-galerija-tivat\/#authorImage","url":"https:\/\/secure.gravatar.com\/avatar\/eb41022c41491526c746897336ed0d9660d0e7b4374bf3bfac1201dfe7c79f76?s=96&d=blank&r=g","width":96,"height":96,"caption":"muzej"}},{"@type":"WebPage","@id":"https:\/\/muzejigalerijativat.me\/en\/otvorena-izlozba-fragile-ivice-arandjusa-u-ju-muzej-i-galerija-tivat\/#webpage","url":"https:\/\/muzejigalerijativat.me\/en\/otvorena-izlozba-fragile-ivice-arandjusa-u-ju-muzej-i-galerija-tivat\/","name":"Otvorena izlo\u017eba \u201eFragile\u201c Ivice Aran\u0111usa u JU Muzej i galerija Tivat","description":"Otvorena izlo\u017eba \u201eFragile\u201c Ivice Aran\u0111usa u JU Muzej i galerija Tivat Na dva sprata JU Muzej i galerija Tivat otvorena je izlo\u017eba \u201eFragile\u201c akademskog slikara Ivice Aran\u0111usa. Govore\u0107i o izlo\u017ebi, direktorica ustanove Danijela \u0110uki\u0107 istakla je da naslov Fragile nosi sna\u017enu simboliku ranjivosti, prolaznosti i osjetljivosti, ali i snage koja se \u010desto krije upravo u","inLanguage":"en-US","isPartOf":{"@id":"https:\/\/muzejigalerijativat.me\/en\/#website"},"breadcrumb":{"@id":"https:\/\/muzejigalerijativat.me\/en\/otvorena-izlozba-fragile-ivice-arandjusa-u-ju-muzej-i-galerija-tivat\/#breadcrumblist"},"author":{"@id":"https:\/\/muzejigalerijativat.me\/en\/author\/muzej\/#author"},"creator":{"@id":"https:\/\/muzejigalerijativat.me\/en\/author\/muzej\/#author"},"image":{"@type":"ImageObject","url":"https:\/\/muzejigalerijativat.me\/wp-content\/uploads\/2026\/09\/rer.jpg","@id":"https:\/\/muzejigalerijativat.me\/en\/otvorena-izlozba-fragile-ivice-arandjusa-u-ju-muzej-i-galerija-tivat\/#mainImage","width":882,"height":489},"primaryImageOfPage":{"@id":"https:\/\/muzejigalerijativat.me\/en\/otvorena-izlozba-fragile-ivice-arandjusa-u-ju-muzej-i-galerija-tivat\/#mainImage"},"datePublished":"2026-06-03T13:00:12+01:00","dateModified":"2026-09-01T13:05:22+01:00"},{"@type":"WebSite","@id":"https:\/\/muzejigalerijativat.me\/en\/#website","url":"https:\/\/muzejigalerijativat.me\/en\/","name":"JU Muzej i galerija Tivat","inLanguage":"en-US","publisher":{"@id":"https:\/\/muzejigalerijativat.me\/en\/#organization"}}]},"og:locale":"en_US","og:site_name":"JU Muzej i galerija Tivat |","og:type":"article","og:title":"Otvorena izlo\u017eba \u201eFragile\u201c Ivice Aran\u0111usa u JU Muzej i galerija Tivat","og:description":"Otvorena izlo\u017eba \u201eFragile\u201c Ivice Aran\u0111usa u JU Muzej i galerija Tivat Na dva sprata JU Muzej i galerija Tivat otvorena je izlo\u017eba \u201eFragile\u201c akademskog slikara Ivice Aran\u0111usa. Govore\u0107i o izlo\u017ebi, direktorica ustanove Danijela \u0110uki\u0107 istakla je da naslov Fragile nosi sna\u017enu simboliku ranjivosti, prolaznosti i osjetljivosti, ali i snage koja se \u010desto krije upravo u","og:url":"https:\/\/muzejigalerijativat.me\/en\/otvorena-izlozba-fragile-ivice-arandjusa-u-ju-muzej-i-galerija-tivat\/","og:image":"https:\/\/muzejigalerijativat.me\/wp-content\/uploads\/2023\/07\/logo.png","og:image:secure_url":"https:\/\/muzejigalerijativat.me\/wp-content\/uploads\/2023\/07\/logo.png","og:image:width":338,"og:image:height":80,"article:published_time":"2026-06-03T12:00:12+00:00","article:modified_time":"2026-09-01T12:05:22+00:00","article:publisher":"https:\/\/www.facebook.com\/muzejigalerijativat","twitter:card":"summary_large_image","twitter:title":"Otvorena izlo\u017eba \u201eFragile\u201c Ivice Aran\u0111usa u JU Muzej i galerija Tivat","twitter:description":"Otvorena izlo\u017eba \u201eFragile\u201c Ivice Aran\u0111usa u JU Muzej i galerija Tivat Na dva sprata JU Muzej i galerija Tivat otvorena je izlo\u017eba \u201eFragile\u201c akademskog slikara Ivice Aran\u0111usa. Govore\u0107i o izlo\u017ebi, direktorica ustanove Danijela \u0110uki\u0107 istakla je da naslov Fragile nosi sna\u017enu simboliku ranjivosti, prolaznosti i osjetljivosti, ali i snage koja se \u010desto krije upravo u","twitter:image":"https:\/\/muzejigalerijativat.me\/wp-content\/uploads\/2023\/07\/logo.png"},"aioseo_meta_data":{"post_id":"3268","title":null,"description":null,"keywords":null,"keyphrases":{"focus":{"keyphrase":"","score":0,"analysis":{"keyphraseInTitle":{"score":0,"maxScore":9,"error":1}}},"additional":[]},"primary_term":null,"canonical_url":null,"og_title":null,"og_description":null,"og_object_type":"default","og_image_type":"default","og_image_url":null,"og_image_width":null,"og_image_height":null,"og_image_custom_url":null,"og_image_custom_fields":null,"og_video":"","og_custom_url":null,"og_article_section":null,"og_article_tags":null,"twitter_use_og":false,"twitter_card":"default","twitter_image_type":"default","twitter_image_url":null,"twitter_image_custom_url":null,"twitter_image_custom_fields":null,"twitter_title":null,"twitter_description":null,"schema":{"blockGraphs":[],"customGraphs":[],"default":{"data":{"Article":[],"Course":[],"Dataset":[],"FAQPage":[],"Movie":[],"Person":[],"Product":[],"ProductReview":[],"Car":[],"Recipe":[],"Service":[],"SoftwareApplication":[],"WebPage":[]},"graphName":"BlogPosting","isEnabled":true},"graphs":[]},"schema_type":"default","schema_type_options":null,"pillar_content":false,"robots_default":true,"robots_noindex":false,"robots_noarchive":false,"robots_nosnippet":false,"robots_nofollow":false,"robots_noimageindex":false,"robots_noodp":false,"robots_notranslate":false,"robots_max_snippet":"-1","robots_max_videopreview":"-1","robots_max_imagepreview":"large","priority":null,"frequency":"default","local_seo":null,"breadcrumb_settings":null,"limit_modified_date":false,"ai":{"faqs":[],"keyPoints":[],"schemas":[],"titles":[],"descriptions":[],"socialPosts":{"email":{"subject":"","preview":"","content":""},"linkedin":[],"twitter":[],"facebook":[],"instagram":[]}},"created":"2026-09-01 12:03:12","updated":"2026-09-01 12:29:47","seo_analyzer_scan_date":null,"focus_keyword":null,"additional_keywords":null,"truseo_locale":null},"aioseo_breadcrumb":"<div class=\"aioseo-breadcrumbs\"><span class=\"aioseo-breadcrumb\">\n\t\t\t<a href=\"https:\/\/muzejigalerijativat.me\/en\" title=\"Home\">Home<\/a>\n\t\t<\/span><span class=\"aioseo-breadcrumb-separator\">&raquo;<\/span><span class=\"aioseo-breadcrumb\">\n\t\t\t<a href=\"https:\/\/muzejigalerijativat.me\/en\/category\/muzej\/\" title=\"Muzej\">Muzej<\/a>\n\t\t<\/span><span class=\"aioseo-breadcrumb-separator\">&raquo;<\/span><span class=\"aioseo-breadcrumb\">\n\t\t\tOtvorena izlo\u017eba \u201eFragile\u201c Ivice Aran\u0111usa u JU Muzej i galerija Tivat\n\t\t<\/span><\/div>","aioseo_breadcrumb_json":[{"label":"Home","link":"https:\/\/muzejigalerijativat.me\/en"},{"label":"Muzej","link":"https:\/\/muzejigalerijativat.me\/en\/category\/muzej\/"},{"label":"Otvorena izlo\u017eba \u201eFragile\u201c Ivice Aran\u0111usa u JU Muzej i galerija Tivat","link":"https:\/\/muzejigalerijativat.me\/en\/otvorena-izlozba-fragile-ivice-arandjusa-u-ju-muzej-i-galerija-tivat\/"}],"_links":{"self":[{"href":"https:\/\/muzejigalerijativat.me\/en\/wp-json\/wp\/v2\/posts\/3268","targetHints":{"allow":["GET"]}}],"collection":[{"href":"https:\/\/muzejigalerijativat.me\/en\/wp-json\/wp\/v2\/posts"}],"about":[{"href":"https:\/\/muzejigalerijativat.me\/en\/wp-json\/wp\/v2\/types\/post"}],"author":[{"embeddable":true,"href":"https:\/\/muzejigalerijativat.me\/en\/wp-json\/wp\/v2\/users\/2"}],"replies":[{"embeddable":true,"href":"https:\/\/muzejigalerijativat.me\/en\/wp-json\/wp\/v2\/comments?post=3268"}],"version-history":[{"count":3,"href":"https:\/\/muzejigalerijativat.me\/en\/wp-json\/wp\/v2\/posts\/3268\/revisions"}],"predecessor-version":[{"id":3276,"href":"https:\/\/muzejigalerijativat.me\/en\/wp-json\/wp\/v2\/posts\/3268\/revisions\/3276"}],"wp:featuredmedia":[{"embeddable":true,"href":"https:\/\/muzejigalerijativat.me\/en\/wp-json\/wp\/v2\/media\/3273"}],"wp:attachment":[{"href":"https:\/\/muzejigalerijativat.me\/en\/wp-json\/wp\/v2\/media?parent=3268"}],"wp:term":[{"taxonomy":"category","embeddable":true,"href":"https:\/\/muzejigalerijativat.me\/en\/wp-json\/wp\/v2\/categories?post=3268"},{"taxonomy":"post_tag","embeddable":true,"href":"https:\/\/muzejigalerijativat.me\/en\/wp-json\/wp\/v2\/tags?post=3268"}],"curies":[{"name":"wp","href":"https:\/\/api.w.org\/{rel}","templated":true}]}}